{"id":322,"date":"2018-08-19T13:15:03","date_gmt":"2018-08-19T12:15:03","guid":{"rendered":"http:\/\/pnott.se\/wordpress\/?p=322"},"modified":"2018-08-19T14:28:25","modified_gmt":"2018-08-19T13:28:25","slug":"sensommar","status":"publish","type":"post","link":"https:\/\/pnott.se\/wordpress\/sensommar\/","title":{"rendered":"Sensommar"},"content":{"rendered":"<p>Det var l\u00e4nge sen jag var ute och fotade, och \u00e4nnu l\u00e4ngre sen jag lade ut n\u00e5gra bilder.<br \/>\nSensommaren \u00e4r h\u00e4r och f\u00e4rgskalan f\u00f6r\u00e4ndras i tr\u00e4dg\u00e5rden. Det blir murrigare och den annalkande h\u00f6sten m\u00e4rks tydligt.<\/p>\n<p>Pelargonerna borde ju ha samma f\u00e4rg som tidigare i sommar, men k\u00e4nslan \u00e4r \u00e4nd\u00e5 annorlunda.<br \/>\n<img decoding=\"async\" src=\"http:\/\/pnott.se\/pontus\/bilder\/Tr%C3%A4dg%C3%A5rden\/2018\/2018-08-19%20Altan.JPG\" alt=\"\" \/><\/p>\n<p>Alunroten mot font\u00e4nens granit, visst ger den en k\u00e4nsla av vindpinad h\u00f6st?<br \/>\n<img decoding=\"async\" src=\"http:\/\/pnott.se\/pontus\/bilder\/Tr%C3%A4dg%C3%A5rden\/2018\/2018-08-19%20Alunrot.JPG\" alt=\"\" \/><\/p>\n<p>Dagliljan med sin mustigt r\u00f6da f\u00e4rg&#8230;<br \/>\n<img decoding=\"async\" src=\"http:\/\/pnott.se\/pontus\/bilder\/Tr%C3%A4dg%C3%A5rden\/2018\/2018-08-19%20Daglilja.JPG\" alt=\"\" \/><\/p>\n<p>&#8230;och den Japanska lyktan, nog ger de vibbar av tiden som nalkas?<br \/>\n<img decoding=\"async\" src=\"http:\/\/pnott.se\/pontus\/bilder\/Tr%C3%A4dg%C3%A5rden\/2018\/2018-08-19%20Japansk%20Lykta.JPG\" alt=\"\" \/><\/p>\n<p>Slutligen jord\u00e4rtskockan som blommar p\u00e5 sina 2,5 meter h\u00f6ga st\u00e4nglar!<br \/>\n<img decoding=\"async\" src=\"http:\/\/pnott.se\/pontus\/bilder\/Tr%C3%A4dg%C3%A5rden\/2018\/2018-08-19%20Jord%C3%A4rtskocka%201.JPG\" alt=\"\" \/><\/p>\n<p><img decoding=\"async\" src=\"http:\/\/pnott.se\/pontus\/bilder\/Tr%C3%A4dg%C3%A5rden\/2018\/2018-08-19%20Jord%C3%A4rtskocka%202.JPG\" alt=\"\" \/><\/p>\n","protected":false},"excerpt":{"rendered":"<p>Det var l\u00e4nge sen jag var ute och fotade, och \u00e4nnu l\u00e4ngre sen jag lade ut n\u00e5gra bilder. Sensommaren \u00e4r h\u00e4r och f\u00e4rgskalan f\u00f6r\u00e4ndras i tr\u00e4dg\u00e5rden. Det blir murrigare och den annalkande h\u00f6sten m\u00e4rks tydligt. Pelargonerna borde ju ha samma f\u00e4rg som tidigare i sommar, men k\u00e4nslan \u00e4r \u00e4nd\u00e5 annorlunda. Alunroten mot font\u00e4nens granit, visst &hellip; <a href=\"https:\/\/pnott.se\/wordpress\/sensommar\/\" class=\"more-link\">Continue reading <span class=\"screen-reader-text\">Sensommar<\/span><\/a><\/p>\n","protected":false},"author":1,"featured_media":0,"comment_status":"open","ping_status":"open","sticky":false,"template":"","format":"gallery","meta":{"footnotes":""},"categories":[6],"tags":[],"class_list":["post-322","post","type-post","status-publish","format-gallery","hentry","category-tradgarden","post_format-post-format-gallery"],"_links":{"self":[{"href":"https:\/\/pnott.se\/wordpress\/wp-json\/wp\/v2\/posts\/322","targetHints":{"allow":["GET"]}}],"collection":[{"href":"https:\/\/pnott.se\/wordpress\/wp-json\/wp\/v2\/posts"}],"about":[{"href":"https:\/\/pnott.se\/wordpress\/wp-json\/wp\/v2\/types\/post"}],"author":[{"embeddable":true,"href":"https:\/\/pnott.se\/wordpress\/wp-json\/wp\/v2\/users\/1"}],"replies":[{"embeddable":true,"href":"https:\/\/pnott.se\/wordpress\/wp-json\/wp\/v2\/comments?post=322"}],"version-history":[{"count":4,"href":"https:\/\/pnott.se\/wordpress\/wp-json\/wp\/v2\/posts\/322\/revisions"}],"predecessor-version":[{"id":326,"href":"https:\/\/pnott.se\/wordpress\/wp-json\/wp\/v2\/posts\/322\/revisions\/326"}],"wp:attachment":[{"href":"https:\/\/pnott.se\/wordpress\/wp-json\/wp\/v2\/media?parent=322"}],"wp:term":[{"taxonomy":"category","embeddable":true,"href":"https:\/\/pnott.se\/wordpress\/wp-json\/wp\/v2\/categories?post=322"},{"taxonomy":"post_tag","embeddable":true,"href":"https:\/\/pnott.se\/wordpress\/wp-json\/wp\/v2\/tags?post=322"}],"curies":[{"name":"wp","href":"https:\/\/api.w.org\/{rel}","templated":true}]}}